{"id":492,"date":"2025-11-07T14:48:40","date_gmt":"2025-11-07T14:48:40","guid":{"rendered":"https:\/\/coppeliaclub.com\/?p=492"},"modified":"2025-10-13T14:48:53","modified_gmt":"2025-10-13T14:48:53","slug":"benidorm-fest-2026-tendra-mas-presencia-catalana","status":"publish","type":"post","link":"https:\/\/coppeliaclub.com\/?p=492","title":{"rendered":"Benidorm Fest 2026 tendr\u00e1 m\u00e1s presencia catalana"},"content":{"rendered":"\n<p>El <strong>Benidorm Fest 2026<\/strong> promete ser una edici\u00f3n especial, marcada por la creciente diversidad regional de los participantes y, en particular, por una <strong>mayor presencia catalana<\/strong>. Este festival, que se ha consolidado como la plataforma de lanzamiento de los representantes espa\u00f1oles para Eurovisi\u00f3n, sigue evolucionando y abriendo espacio a talentos de distintas comunidades aut\u00f3nomas, reflejando la riqueza musical y cultural de Espa\u00f1a. La noticia de que los artistas catalanes tendr\u00e1n un papel m\u00e1s destacado en la pr\u00f3xima edici\u00f3n ha generado gran expectativa entre los seguidores del festival y los medios especializados.<\/p>\n\n\n\n<p>La participaci\u00f3n catalana en el Benidorm Fest 2026 no se limita \u00fanicamente a int\u00e9rpretes individuales. La organizaci\u00f3n ha confirmado que habr\u00e1 m\u00e1s <strong>bandas y productores musicales originarios de Catalu\u00f1a<\/strong>, as\u00ed como compositores y equipos de producci\u00f3n que aportar\u00e1n su sello distintivo al evento. Esta inclusi\u00f3n responde a una tendencia creciente en la m\u00fasica espa\u00f1ola, donde la diversidad regional se valora como un motor de innovaci\u00f3n y creatividad. Catalu\u00f1a, con su rica tradici\u00f3n musical y su escena pop, urbana e indie, promete aportar propuestas frescas y originales que podr\u00edan marcar la diferencia en la competencia.<\/p>\n\n\n\n<p>Entre los nombres que ya se mencionan como posibles participantes se encuentran artistas emergentes que han destacado en los \u00faltimos a\u00f1os en plataformas digitales y en festivales independientes. La idea es ofrecer <strong>una representaci\u00f3n m\u00e1s equitativa de Espa\u00f1a<\/strong>, asegurando que el p\u00fablico pueda disfrutar de estilos variados, desde el pop m\u00e1s comercial hasta fusiones con ritmos urbanos, rock o m\u00fasica electr\u00f3nica. Esta apuesta no solo fortalece el festival, sino que tambi\u00e9n refleja la evoluci\u00f3n de la industria musical catalana, que ha logrado consolidarse como un referente dentro del panorama nacional.<\/p>\n\n\n\n<p>La presencia catalana tambi\u00e9n se notar\u00e1 en la producci\u00f3n del festival. Algunos de los profesionales encargados de la direcci\u00f3n art\u00edstica, el dise\u00f1o de escenarios y la coreograf\u00eda provienen de Catalu\u00f1a, aportando su experiencia y estilo distintivo. Esto permitir\u00e1 que el Benidorm Fest 2026 mantenga su car\u00e1cter innovador y atractivo, con puestas en escena que combinen creatividad, espectacularidad y un toque mediterr\u00e1neo que tanto caracteriza a la regi\u00f3n. La colaboraci\u00f3n entre distintos equipos art\u00edsticos y t\u00e9cnicos promete elevar el nivel del espect\u00e1culo y sorprender al p\u00fablico tanto en la ciudad de Benidorm como a nivel televisivo.<\/p>\n\n\n\n<p>Por otro lado, la inclusi\u00f3n de m\u00e1s talentos catalanes responde tambi\u00e9n a la demanda de los seguidores del festival. En los \u00faltimos a\u00f1os, la comunidad catalana ha mostrado un gran inter\u00e9s por el Benidorm Fest, apoyando a sus representantes y generando un p\u00fablico fiel y entusiasta. La organizaci\u00f3n ha escuchado estas voces y ha decidido reforzar la presencia catalana, asegurando que el festival sea m\u00e1s representativo y que cada edici\u00f3n pueda mostrar la diversidad cultural de Espa\u00f1a en todo su esplendor.<\/p>\n\n\n\n<p>En cuanto al formato, el Benidorm Fest 2026 seguir\u00e1 combinando <strong>semifinales y finales televisadas<\/strong>, con jurado profesional y votaci\u00f3n del p\u00fablico, garantizando que las propuestas m\u00e1s s\u00f3lidas y originales tengan la oportunidad de destacar. La mayor presencia catalana no solo se reflejar\u00e1 en el n\u00famero de participantes, sino tambi\u00e9n en la variedad estil\u00edstica de las canciones, la riqueza de las letras y la innovaci\u00f3n de los espect\u00e1culos en directo.<\/p>\n\n\n\n<p>La edici\u00f3n de 2026 se perfila, por tanto, como un hito para la m\u00fasica catalana y espa\u00f1ola en general. La decisi\u00f3n de aumentar la representaci\u00f3n catalana en el Benidorm Fest refuerza la idea de que el festival no solo es un escaparate para Eurovisi\u00f3n, sino tambi\u00e9n un <strong>laboratorio creativo donde distintas regiones aportan su talento y su identidad cultural<\/strong>. As\u00ed, los seguidores del evento pueden esperar una programaci\u00f3n m\u00e1s diversa, emocionante y cargada de sorpresas que reflejar\u00e1 la pluralidad de la m\u00fasica espa\u00f1ola contempor\u00e1nea.<\/p>\n","protected":false},"excerpt":{"rendered":"<p>El Benidorm Fest 2026 promete ser una edici\u00f3n especial, marcada por la creciente diversidad regional de los participantes y, en particular, por una mayor presencia catalana. Este festival, que se ha consolidado como la plataforma de lanzamiento de los representantes espa\u00f1oles para Eurovisi\u00f3n, sigue evolucionando y abriendo espacio a talentos de distintas comunidades aut\u00f3nomas, reflejando &hellip; <\/p>\n<p class=\"link-more\"><a href=\"https:\/\/coppeliaclub.com\/?p=492\" class=\"more-link\">Read more<span class=\"screen-reader-text\"> &#8220;Benidorm Fest 2026 tendr\u00e1 m\u00e1s presencia catalana&#8221;<\/span><\/a><\/p>\n","protected":false},"author":1,"featured_media":493,"comment_status":"open","ping_status":"open","sticky":false,"template":"","format":"standard","meta":{"footnotes":""},"categories":[1],"tags":[],"_links":{"self":[{"href":"https:\/\/coppeliaclub.com\/index.php?rest_route=\/wp\/v2\/posts\/492"}],"collection":[{"href":"https:\/\/coppeliaclub.com\/index.php?rest_route=\/wp\/v2\/posts"}],"about":[{"href":"https:\/\/coppeliaclub.com\/index.php?rest_route=\/wp\/v2\/types\/post"}],"author":[{"embeddable":true,"href":"https:\/\/coppeliaclub.com\/index.php?rest_route=\/wp\/v2\/users\/1"}],"replies":[{"embeddable":true,"href":"https:\/\/coppeliaclub.com\/index.php?rest_route=%2Fwp%2Fv2%2Fcomments&post=492"}],"version-history":[{"count":1,"href":"https:\/\/coppeliaclub.com\/index.php?rest_route=\/wp\/v2\/posts\/492\/revisions"}],"predecessor-version":[{"id":494,"href":"https:\/\/coppeliaclub.com\/index.php?rest_route=\/wp\/v2\/posts\/492\/revisions\/494"}],"wp:featuredmedia":[{"embeddable":true,"href":"https:\/\/coppeliaclub.com\/index.php?rest_route=\/wp\/v2\/media\/493"}],"wp:attachment":[{"href":"https:\/\/coppeliaclub.com\/index.php?rest_route=%2Fwp%2Fv2%2Fmedia&parent=492"}],"wp:term":[{"taxonomy":"category","embeddable":true,"href":"https:\/\/coppeliaclub.com\/index.php?rest_route=%2Fwp%2Fv2%2Fcategories&post=492"},{"taxonomy":"post_tag","embeddable":true,"href":"https:\/\/coppeliaclub.com\/index.php?rest_route=%2Fwp%2Fv2%2Ftags&post=492"}],"curies":[{"name":"wp","href":"https:\/\/api.w.org\/{rel}","templated":true}]}}