{"id":455,"date":"2025-10-03T14:34:34","date_gmt":"2025-10-03T14:34:34","guid":{"rendered":"https:\/\/coppeliaclub.com\/?p=455"},"modified":"2025-10-13T14:44:21","modified_gmt":"2025-10-13T14:44:21","slug":"jaime-penafiel-afirma-tiene-las-memorias-autenticas-del-rey-emerito","status":"publish","type":"post","link":"https:\/\/coppeliaclub.com\/?p=455","title":{"rendered":"Jaime Pe\u00f1afiel afirma tiene las memorias aut\u00e9nticas del rey em\u00e9rito"},"content":{"rendered":"\n<p>El periodista Jaime Pe\u00f1afiel, conocido por sus d\u00e9cadas de cobertura de la Casa Real espa\u00f1ola, ha vuelto a situarse en el centro del debate medi\u00e1tico al afirmar que \u00e9l posee las <strong>memor\u00edas aut\u00e9nticas del rey em\u00e9rito<\/strong>, Juan Carlos I. En declaraciones recientes, Pe\u00f1afiel asegur\u00f3 que sus a\u00f1os de cercan\u00eda y acceso privilegiado le han permitido observar de primera mano episodios y decisiones del monarca que, seg\u00fan \u00e9l, no han sido relatados con precisi\u00f3n en otros libros o testimonios: <strong>\u201cValgo m\u00e1s por lo que callo\u201d<\/strong>, afirm\u00f3 con la seguridad que caracteriza a su estilo directo y pol\u00e9mico.<\/p>\n\n\n\n<p>Estas declaraciones no solo han reavivado la atenci\u00f3n sobre la figura del rey em\u00e9rito, sino que tambi\u00e9n han generado un debate sobre la labor de los periodistas que cubren instituciones tan sensibles como la Casa Real. Pe\u00f1afiel, con m\u00e1s de cincuenta a\u00f1os de experiencia en prensa y medios audiovisuales, ha desarrollado un perfil de periodista cercano a la alta sociedad y a las familias reales, lo que le ha permitido acumular informaci\u00f3n privilegiada que, seg\u00fan sostiene, no podr\u00eda compartirse de manera superficial. Su afirmaci\u00f3n sobre las memorias aut\u00e9nticas apunta a que, detr\u00e1s de los titulares y los rumores, existe una realidad mucho m\u00e1s compleja que solo \u00e9l podr\u00eda narrar.<\/p>\n\n\n\n<p>El periodista ha explicado en varias entrevistas que su conocimiento no se limita a hechos p\u00fablicos, sino que abarca <strong>an\u00e9cdotas privadas, decisiones pol\u00edticas y momentos de la vida personal del rey<\/strong> que permanecen fuera del ojo medi\u00e1tico. Esta proximidad, asegura, le da un valor \u00fanico como cronista de la monarqu\u00eda espa\u00f1ola, ya que conocer los hechos no siempre significa divulgarlos. Con la frase \u201cvalgo m\u00e1s por lo que callo\u201d, Pe\u00f1afiel hace referencia a esa capacidad de discernimiento y responsabilidad que distingue a un periodista experimentado: saber qu\u00e9 informar y qu\u00e9 preservar por respeto o por seguridad institucional.<\/p>\n\n\n\n<p>El tema de las memorias del rey em\u00e9rito ha sido objeto de inter\u00e9s en los \u00faltimos a\u00f1os, especialmente tras la abdicaci\u00f3n en favor de Felipe VI y los diversos esc\u00e1ndalos financieros y personales que han rodeado a Juan Carlos I. En este contexto, las declaraciones de Pe\u00f1afiel generan expectativas y controversia, ya que sugieren que existe informaci\u00f3n que a\u00fan no ha sido documentada oficialmente, pero que podr\u00eda aportar un <strong>retrato m\u00e1s completo y humano del monarca<\/strong>. Los analistas y comentaristas de la prensa del coraz\u00f3n y pol\u00edtica coinciden en que la figura de Pe\u00f1afiel sigue siendo relevante precisamente por esa combinaci\u00f3n de acceso privilegiado, experiencia y capacidad para narrar historias que mezclan lo p\u00fablico con lo privado.<\/p>\n\n\n\n<p>Asimismo, Pe\u00f1afiel ha defendido la \u00e9tica de su trabajo, asegurando que <strong>no se trata de un af\u00e1n por el sensacionalismo<\/strong>, sino de una responsabilidad adquirida con el tiempo y con el conocimiento de la delicadeza que implica tratar temas relacionados con la realeza. Su enfoque, seg\u00fan \u00e9l, combina la informaci\u00f3n veraz con un criterio que evita da\u00f1ar reputaciones innecesariamente, lo que lo convierte en un testigo privilegiado de la historia reciente de Espa\u00f1a.<\/p>\n\n\n\n<p>El periodista tambi\u00e9n ha se\u00f1alado que su intenci\u00f3n no es publicar de inmediato todas las memorias que posee, sino seleccionar cuidadosamente los episodios que aporten valor hist\u00f3rico y cultural, dejando claro que su <strong>legado como cronista no depende \u00fanicamente de lo que publica, sino tambi\u00e9n de lo que decide preservar en silencio<\/strong>. Esta postura ha generado tanto admiraci\u00f3n como cr\u00edticas, ya que algunos consideran que podr\u00eda contribuir a alimentar rumores, mientras que otros valoran la discreci\u00f3n y la perspectiva que aporta un veterano con d\u00e9cadas de experiencia.<\/p>\n\n\n\n<p>Con estas afirmaciones, Jaime Pe\u00f1afiel reafirma su papel como uno de los cronistas m\u00e1s importantes y pol\u00e9micos de la Casa Real, dejando claro que su conocimiento sobre la vida del rey em\u00e9rito no se limita a lo visible, y que su verdadera influencia radica en el equilibrio entre lo que comparte y lo que decide mantener en reserva. Su trayectoria y sus declaraciones siguen siendo un referente para entender la relaci\u00f3n entre periodismo, poder y la historia reciente de la monarqu\u00eda espa\u00f1ola.<\/p>\n","protected":false},"excerpt":{"rendered":"<p>El periodista Jaime Pe\u00f1afiel, conocido por sus d\u00e9cadas de cobertura de la Casa Real espa\u00f1ola, ha vuelto a situarse en el centro del debate medi\u00e1tico al afirmar que \u00e9l posee las memor\u00edas aut\u00e9nticas del rey em\u00e9rito, Juan Carlos I. En declaraciones recientes, Pe\u00f1afiel asegur\u00f3 que sus a\u00f1os de cercan\u00eda y acceso privilegiado le han permitido &hellip; <\/p>\n<p class=\"link-more\"><a href=\"https:\/\/coppeliaclub.com\/?p=455\" class=\"more-link\">Read more<span class=\"screen-reader-text\"> &#8220;Jaime Pe\u00f1afiel afirma tiene las memorias aut\u00e9nticas del rey em\u00e9rito&#8221;<\/span><\/a><\/p>\n","protected":false},"author":1,"featured_media":456,"comment_status":"open","ping_status":"open","sticky":false,"template":"","format":"standard","meta":{"footnotes":""},"categories":[1],"tags":[],"_links":{"self":[{"href":"https:\/\/coppeliaclub.com\/index.php?rest_route=\/wp\/v2\/posts\/455"}],"collection":[{"href":"https:\/\/coppeliaclub.com\/index.php?rest_route=\/wp\/v2\/posts"}],"about":[{"href":"https:\/\/coppeliaclub.com\/index.php?rest_route=\/wp\/v2\/types\/post"}],"author":[{"embeddable":true,"href":"https:\/\/coppeliaclub.com\/index.php?rest_route=\/wp\/v2\/users\/1"}],"replies":[{"embeddable":true,"href":"https:\/\/coppeliaclub.com\/index.php?rest_route=%2Fwp%2Fv2%2Fcomments&post=455"}],"version-history":[{"count":1,"href":"https:\/\/coppeliaclub.com\/index.php?rest_route=\/wp\/v2\/posts\/455\/revisions"}],"predecessor-version":[{"id":457,"href":"https:\/\/coppeliaclub.com\/index.php?rest_route=\/wp\/v2\/posts\/455\/revisions\/457"}],"wp:featuredmedia":[{"embeddable":true,"href":"https:\/\/coppeliaclub.com\/index.php?rest_route=\/wp\/v2\/media\/456"}],"wp:attachment":[{"href":"https:\/\/coppeliaclub.com\/index.php?rest_route=%2Fwp%2Fv2%2Fmedia&parent=455"}],"wp:term":[{"taxonomy":"category","embeddable":true,"href":"https:\/\/coppeliaclub.com\/index.php?rest_route=%2Fwp%2Fv2%2Fcategories&post=455"},{"taxonomy":"post_tag","embeddable":true,"href":"https:\/\/coppeliaclub.com\/index.php?rest_route=%2Fwp%2Fv2%2Ftags&post=455"}],"curies":[{"name":"wp","href":"https:\/\/api.w.org\/{rel}","templated":true}]}}