{"id":405,"date":"2025-08-25T22:41:59","date_gmt":"2025-08-25T22:41:59","guid":{"rendered":"https:\/\/coppeliaclub.com\/?p=405"},"modified":"2025-09-19T14:29:08","modified_gmt":"2025-09-19T14:29:08","slug":"gran-fiesta-de-la-moda-espanola","status":"publish","type":"post","link":"https:\/\/coppeliaclub.com\/?p=405","title":{"rendered":"Gran fiesta de la Moda Espa\u00f1ola"},"content":{"rendered":"\n<p>La gran fiesta de la moda espa\u00f1ola vivi\u00f3 su noche m\u00e1s especial en el Teatro Fern\u00e1n G\u00f3mez Centro Cultural de la Villa, que se convirti\u00f3 en el epicentro del estilo y la creatividad durante la I Edici\u00f3n de los Premios Academia de la Moda Espa\u00f1ola. Este evento, largamente esperado por el sector, reuni\u00f3 a los principales actores nacionales de la moda, desde dise\u00f1adores consagrados hasta nuevas promesas, modelos, estilistas y dem\u00e1s profesionales que hacen posible que Espa\u00f1a sea referente en el mundo de la moda.<\/p>\n\n\n\n<p>Organizados por FAME (Federaci\u00f3n de Asociaciones de Moda Espa\u00f1ola) y RTVE, estos premios representan un reconocimiento necesario y merecido a la calidad y el talento del sector. La gala no solo visibiliz\u00f3 el trabajo de quienes forman parte de esta industria, sino que tambi\u00e9n potenci\u00f3 su relevancia cultural y econ\u00f3mica para el pa\u00eds. Con una emisi\u00f3n en directo a trav\u00e9s de La 2, TVE Internacional y RTVE Play, la ceremonia alcanz\u00f3 a una audiencia amplia y diversa, que pudo disfrutar de una velada llena de emoci\u00f3n, estilo y sorpresas.<\/p>\n\n\n\n<p>La previa de la gala fue un espect\u00e1culo en s\u00ed misma, con la alfombra roja instalada en la Biblioteca Nacional, donde las principales figuras de la moda espa\u00f1ola desfilaron luciendo sus mejores looks. Este momento, tambi\u00e9n retransmitido en RTVE Play, cont\u00f3 con la conducci\u00f3n experta de Nieves \u00c1lvarez, Elena S\u00e1nchez y Rafa Mu\u00f1oz, quienes aportaron una dosis extra de glamour y conocimiento, comentando las tendencias y destacando los detalles m\u00e1s relevantes de cada aparici\u00f3n. La direcci\u00f3n estuvo a cargo de Mar\u00eda Eizaguirre, directora de Comunicaci\u00f3n y Participaci\u00f3n de RTVE, que logr\u00f3 una producci\u00f3n impecable.<\/p>\n\n\n\n<p>La I Edici\u00f3n de los Premios Academia de la Moda Espa\u00f1ola marc\u00f3 un antes y un despu\u00e9s para el sector, dejando claro que la moda en Espa\u00f1a es mucho m\u00e1s que una industria: es un motor cultural, creativo y social. La gala puso en valor la diversidad y el talento que existen en el pa\u00eds, mostrando c\u00f3mo cada dise\u00f1ador, artesano y profesional contribuye a construir una identidad propia que se proyecta con fuerza m\u00e1s all\u00e1 de nuestras fronteras.<\/p>\n\n\n\n<p>Este evento se convierte en una cita anual ineludible para todos los que forman parte o admiran la moda espa\u00f1ola, un espacio donde se reconoce el esfuerzo y se impulsa la innovaci\u00f3n. La alianza entre FAME y RTVE garantiza que esta iniciativa tenga la visibilidad y el prestigio que merece, acercando la moda a un p\u00fablico amplio y consolidando su lugar en el panorama cultural nacional e internacional.<\/p>\n\n\n\n<p>En definitiva, la gran fiesta de la moda espa\u00f1ola celebrada en el Teatro Fern\u00e1n G\u00f3mez fue un verdadero homenaje a un sector vibrante y en constante evoluci\u00f3n, que demuestra cada d\u00eda su capacidad para sorprender, emocionar y liderar tendencias a nivel global. Una noche para recordar y para seguir apostando por la excelencia y la creatividad que caracteriza a la moda espa\u00f1ola.<\/p>\n","protected":false},"excerpt":{"rendered":"<p>La gran fiesta de la moda espa\u00f1ola vivi\u00f3 su noche m\u00e1s especial en el Teatro Fern\u00e1n G\u00f3mez Centro Cultural de la Villa, que se convirti\u00f3 en el epicentro del estilo y la creatividad durante la I Edici\u00f3n de los Premios Academia de la Moda Espa\u00f1ola. Este evento, largamente esperado por el sector, reuni\u00f3 a los &hellip; <\/p>\n<p class=\"link-more\"><a href=\"https:\/\/coppeliaclub.com\/?p=405\" class=\"more-link\">Read more<span class=\"screen-reader-text\"> &#8220;Gran fiesta de la Moda Espa\u00f1ola&#8221;<\/span><\/a><\/p>\n","protected":false},"author":1,"featured_media":406,"comment_status":"open","ping_status":"open","sticky":false,"template":"","format":"standard","meta":{"footnotes":""},"categories":[1],"tags":[],"_links":{"self":[{"href":"https:\/\/coppeliaclub.com\/index.php?rest_route=\/wp\/v2\/posts\/405"}],"collection":[{"href":"https:\/\/coppeliaclub.com\/index.php?rest_route=\/wp\/v2\/posts"}],"about":[{"href":"https:\/\/coppeliaclub.com\/index.php?rest_route=\/wp\/v2\/types\/post"}],"author":[{"embeddable":true,"href":"https:\/\/coppeliaclub.com\/index.php?rest_route=\/wp\/v2\/users\/1"}],"replies":[{"embeddable":true,"href":"https:\/\/coppeliaclub.com\/index.php?rest_route=%2Fwp%2Fv2%2Fcomments&post=405"}],"version-history":[{"count":1,"href":"https:\/\/coppeliaclub.com\/index.php?rest_route=\/wp\/v2\/posts\/405\/revisions"}],"predecessor-version":[{"id":407,"href":"https:\/\/coppeliaclub.com\/index.php?rest_route=\/wp\/v2\/posts\/405\/revisions\/407"}],"wp:featuredmedia":[{"embeddable":true,"href":"https:\/\/coppeliaclub.com\/index.php?rest_route=\/wp\/v2\/media\/406"}],"wp:attachment":[{"href":"https:\/\/coppeliaclub.com\/index.php?rest_route=%2Fwp%2Fv2%2Fmedia&parent=405"}],"wp:term":[{"taxonomy":"category","embeddable":true,"href":"https:\/\/coppeliaclub.com\/index.php?rest_route=%2Fwp%2Fv2%2Fcategories&post=405"},{"taxonomy":"post_tag","embeddable":true,"href":"https:\/\/coppeliaclub.com\/index.php?rest_route=%2Fwp%2Fv2%2Ftags&post=405"}],"curies":[{"name":"wp","href":"https:\/\/api.w.org\/{rel}","templated":true}]}}