{"id":365,"date":"2025-07-04T20:39:36","date_gmt":"2025-07-04T20:39:36","guid":{"rendered":"https:\/\/coppeliaclub.com\/?p=365"},"modified":"2025-06-28T20:40:36","modified_gmt":"2025-06-28T20:40:36","slug":"guia-del-orgullo-lgtbiq-2025-en-madrid","status":"publish","type":"post","link":"https:\/\/coppeliaclub.com\/?p=365","title":{"rendered":"Gu\u00eda del Orgullo LGTBIQ+ 2025 en Madrid"},"content":{"rendered":"\n<p>En algunas calles del centro de Madrid ya ondean\u00a0banderas con los colores del arco\u00edris. Ma\u00f1ana empieza en la capital el Orgullo m\u00e1s multitudinario de toda Europa. Desde ma\u00f1ana, las actividades, los conciertos, los desfiles, y la reivindicaci\u00f3n marcar\u00e1n el paso de una ciudad abarrotada de gente hasta el 6 de julio. El d\u00eda antes, el s\u00e1bado 5, recorrer\u00e1 el centro de la urbe la manifestaci\u00f3n nacional, con el lema\u00a0<em>20 a\u00f1os avanzando en derechos: ni un paso atr\u00e1s<\/em>\u00a0(en referencia a la aprobaci\u00f3n de la ley de matrimonio igualitario, en 2005): transcurrir\u00e1 desde la glorieta de Carlos V, junto a la estaci\u00f3n de tren de Atocha, hasta la plaza de Col\u00f3n.<\/p>\n\n\n\n<p>La cita arranca con el Orgullo del barrio de Chueca, ya engalanado, con eventos (como el Encuentro Festivo de Disidentes LGTBIAQ+, el 27 de junio, a las 20.00 en el Observatorio \u00c9tico Internacional); exposiciones, como la de\u00a0<em>Kings &amp; Queens<\/em>\u00a0(a partir del 28 de junio en el espacio V22). Tambi\u00e9n habr\u00e1 actividades con animales \u2015<em>Plumas y Patitas\u00a0<\/em>(29 de junio), que une mascotas y activismo\u2015.<\/p>\n\n\n\n<p>El grueso de actividades se concentran entre el 2 y el 6 de julio. Arranca con el Preg\u00f3n, que lo dar\u00e1 el reparto de la serie\u00a0<em>Mariliendre<\/em>\u00a0ser\u00e1 presentado por La Plexy. La clausura del\u00a0MADO 2025\u00a0ser\u00e1 en Plaza de Espa\u00f1a, con un gran concierto, que pondr\u00e1 en el escenario a Ana Torroja, Marta S\u00e1nchez, Rozal\u00e9n, Mar\u00eda Pel\u00e1e, Jedet o Luis Migu\u00e9lez. Desde RTVE se podr\u00e1 seguir en directo, al igual que otros actos del Orgullo. La televisi\u00f3n p\u00fablica ha preparado\u00a0una programaci\u00f3n y una cobertura especial para el Orgullo.<\/p>\n\n\n\n<p>Adem\u00e1s de los escenarios mencionados, ser\u00e1n puntos neur\u00e1lgicos del Orgullo la plaza del Rey y la Puerta del Sol. Tambi\u00e9n habr\u00e1 eventos y actividades por todo Chueca, como la tradicional carrera de tacones de la calle de Pelayo (el 3 de julio). El 4 de julio se celebra\u00a0la VII edici\u00f3n del Madrid Summit, un \u201cespacio de reflexi\u00f3n sobre los derechos humanos LGTBIQA+\u201d. Una jornada de di\u00e1logo, alianzas y compromiso internacional, que se celebra en las oficinas del Parlamento Europeo y de la Comisi\u00f3n en Espa\u00f1a (Paseo de la Castellana, 47)<\/p>\n\n\n\n<p>Aqu\u00ed, el programa con las principales actividades.<\/p>\n\n\n\n<h3 class=\"wp-block-heading\">Mi\u00e9rcoles 2 de julio<\/h3>\n\n\n\n<p><strong>Puerta del Sol<\/strong><\/p>\n\n\n\n<ul>\n<li>20.00 Bingo drag<\/li>\n\n\n\n<li>21.00 Ditta Dubois<\/li>\n\n\n\n<li>21.15 Vedette Deivis<\/li>\n\n\n\n<li>21.30 Brenda Star<\/li>\n\n\n\n<li>21.45 Kelly Roller<\/li>\n\n\n\n<li>22.00 Ari Moore<\/li>\n\n\n\n<li>22.25 The Moore Experience<\/li>\n\n\n\n<li>23.00 Cierre<\/li>\n<\/ul>\n\n\n\n<p><strong>Plaza de Pedro Zerolo<\/strong><\/p>\n\n\n\n<ul>\n<li>20.00. Preg\u00f3n de bienvenida\u00a0presentado por La Plexy. Dan el discurso el reparto de la serie\u00a0<em>Mariliendre<\/em>.<\/li>\n<\/ul>\n\n\n\n<p><strong>Plaza de Espa\u00f1a<\/strong><\/p>\n\n\n\n<ul>\n<li>Sin programaci\u00f3n<\/li>\n<\/ul>\n\n\n\n<p><strong>Plaza de Las Reinas (plaza del Rey)<\/strong><\/p>\n\n\n\n<ul>\n<li>20.00. Tribade<\/li>\n\n\n\n<li>21.00. Tremenda Jaur\u00eda<\/li>\n\n\n\n<li>21.40. La Gore<\/li>\n\n\n\n<li>22.20. Javiera Mena<\/li>\n<\/ul>\n\n\n\n<h3 class=\"wp-block-heading\">Jueves 3 de julio<\/h3>\n\n\n\n<p><strong>Puerta del Sol<\/strong><\/p>\n\n\n\n<ul>\n<li>20.00. Amore<\/li>\n\n\n\n<li>20.30. Julieta<\/li>\n\n\n\n<li>20.50. Isabella Lovestory<\/li>\n\n\n\n<li>21.10. Bluetooth girl<\/li>\n\n\n\n<li>21.30. Makadsi DJ<\/li>\n\n\n\n<li>22.15. Kiddi Smile<\/li>\n<\/ul>\n\n\n\n<p><strong>Plaza de Pedro Zerolo<\/strong><\/p>\n\n\n\n<ul>\n<li>20.00. Tombol\u00f3n Maric\u00f3n<\/li>\n\n\n\n<li>21.00. Fiesta Forajido<\/li>\n\n\n\n<li>22.00. Fiesta Pride 2025<\/li>\n<\/ul>\n\n\n\n<p><strong>Plaza de Espa\u00f1a<\/strong><\/p>\n\n\n\n<ul>\n<li>20.00. Dolly y Soraya<\/li>\n\n\n\n<li>20.05. Charly Weinberg<\/li>\n\n\n\n<li>20.15. Ale Vaez<\/li>\n\n\n\n<li>20.30. Roberto Muriel<\/li>\n\n\n\n<li>20.45. Juan Sinmiedo<\/li>\n\n\n\n<li>21.00. La d\u00e9cada prodigiosa<\/li>\n\n\n\n<li>21.15. K!ngdom<\/li>\n\n\n\n<li>21.30. Lorrie<\/li>\n\n\n\n<li>22.00. Mel \u00d6mana<\/li>\n\n\n\n<li>22.15. Dolly<\/li>\n\n\n\n<li>22.20. Helena Bianco<\/li>\n\n\n\n<li>22.40. Jorge Gonz\u00e1lez<\/li>\n\n\n\n<li>22.50. Adonxs (Chequia, Eurovisi\u00f3n 2025)<\/li>\n\n\n\n<li>23.00. Kyle Alessandro (Noruega, Eurovisi\u00f3n 2025)<\/li>\n\n\n\n<li>23.10. Soraya<\/li>\n\n\n\n<li>23.30.\u00a0<em>Actuaci\u00f3n sorpresa<\/em><\/li>\n<\/ul>\n\n\n\n<p><strong>Plaza de Las Reinas (plaza del Rey)<\/strong><\/p>\n\n\n\n<ul>\n<li>20.00. Cecilia Zango<\/li>\n\n\n\n<li>20.40. Deteresa<\/li>\n\n\n\n<li>21.10. Aiko<\/li>\n\n\n\n<li>21.40. Las Jipas<\/li>\n\n\n\n<li>22.20. Azucar Moreno<\/li>\n<\/ul>\n\n\n\n<p><strong>Calle de Pelayo<\/strong><\/p>\n\n\n\n<ul>\n<li>18.00. Carrera de tacones<\/li>\n<\/ul>\n\n\n\n<h3 class=\"wp-block-heading\">Viernes 4 de julio<\/h3>\n\n\n\n<p><strong>Puerta del Sol<\/strong><\/p>\n\n\n\n<ul>\n<li>20.00. Samantha Ballantines<\/li>\n\n\n\n<li>20.10. Anadie<\/li>\n\n\n\n<li>20.30. Umen<\/li>\n\n\n\n<li>20.50. La GG<\/li>\n\n\n\n<li>21.10. Charly Brown<\/li>\n\n\n\n<li>21.30. Suzete<\/li>\n\n\n\n<li>21.50. Anier<\/li>\n\n\n\n<li>22.10. Juicy Bae<\/li>\n\n\n\n<li>22.30. Yung Beef<\/li>\n\n\n\n<li>23.00. Cascales<\/li>\n\n\n\n<li>00.00. Color B2B: Anita B Queen &amp; Kinara<\/li>\n\n\n\n<li>00.30 Daiky<\/li>\n\n\n\n<li>01.30 Andrea Vandall DJ Set + Yenesi Live Show<\/li>\n\n\n\n<li>02.00 Mygal DJ Set + Jedet Live Show<\/li>\n<\/ul>\n\n\n\n<p><strong>Plaza de Pedro Zerolo<\/strong><\/p>\n\n\n\n<ul>\n<li>20.00. Pride Ride Bytheflow<\/li>\n\n\n\n<li>21.00. Fiesta LL Bar<\/li>\n\n\n\n<li>22.00. Diesta Mariconchis<\/li>\n\n\n\n<li>23.00. Super Prima\u2019s Festival<\/li>\n<\/ul>\n\n\n\n<p><strong>Plaza de Espa\u00f1a<\/strong><\/p>\n\n\n\n<ul>\n<li>1.30. Marta Cari\u00f1o<\/li>\n<\/ul>\n\n\n\n<p><strong>Plaza de Las Reinas (plaza del Rey)<\/strong><\/p>\n\n\n\n<ul>\n<li>20.00. Luc\u00eda de la Puerta<\/li>\n\n\n\n<li>20.40. Sof\u00eda Coll<\/li>\n\n\n\n<li>21.10. Chiara Oliver<\/li>\n\n\n\n<li>21.40. Rocio Saiz, Cayetana Guill\u00e9n Cuervo y Susi Caramelo<\/li>\n\n\n\n<li>23.00. Sof\u00eda Cristo<\/li>\n<\/ul>\n\n\n\n<h3 class=\"wp-block-heading\">S\u00e1bado 5 de julio<\/h3>\n\n\n\n<p><strong>Manifestaci\u00f3n estatal bajo el lema:&nbsp;<\/strong><em><strong>20 a\u00f1os avanzando en derechos: ni un paso atr\u00e1s<\/strong><\/em><\/p>\n\n\n\n<ul>\n<li>19.00. Salida desde Atocha.\u00a0Tras la marcha reivindicativa pasa el desfile de carrozas<\/li>\n<\/ul>\n\n\n\n<p><strong>Puerta del Sol<\/strong><\/p>\n\n\n\n<ul>\n<li>21.00. Izaktm<\/li>\n\n\n\n<li>21.40. Mj Nebrada<\/li>\n\n\n\n<li>22.40. La Joaqui<\/li>\n\n\n\n<li>23.10. Miss Bashful<\/li>\n\n\n\n<li>23.30. Engalanan B2B Wicboy<\/li>\n\n\n\n<li>00.30. Fucknormal<\/li>\n\n\n\n<li>1.30. Olvido<\/li>\n<\/ul>\n\n\n\n<p><strong>Plaza de Pedro Zerolo<\/strong><\/p>\n\n\n\n<ul>\n<li>20.00. La Nuit Cabaret<\/li>\n\n\n\n<li>21.00 Maravillas Prise<\/li>\n\n\n\n<li>22.00 Dlro Live Stars<\/li>\n<\/ul>\n\n\n\n<p><strong>Plaza de Espa\u00f1a<\/strong><\/p>\n\n\n\n<p>Gala del Orgullo Latino<\/p>\n\n\n\n<ul>\n<li>22.00. Ballet<\/li>\n\n\n\n<li>22.12. Tav Lust<\/li>\n\n\n\n<li>22.30. Jose Alfredo<\/li>\n\n\n\n<li>33.45. Ezio Oliva<\/li>\n\n\n\n<li>23.00. Pamela Rodr\u00edguez<\/li>\n\n\n\n<li>23.30. Lucas Curotto<\/li>\n\n\n\n<li>23.45. Christian Chavez<\/li>\n\n\n\n<li>00.05. Ana B\u00e1rbara y Falete<\/li>\n\n\n\n<li>00.25. Mariana Stars<\/li>\n\n\n\n<li>00.35. Chanel<\/li>\n\n\n\n<li>00.45. Psicosis Gonsales<\/li>\n\n\n\n<li>1.00. Fiesta \u201cElevated\u201d<\/li>\n<\/ul>\n\n\n\n<p><strong>Plaza de Las Reinas (plaza del Rey)<\/strong><\/p>\n\n\n\n<ul>\n<li>20.30. Bite<\/li>\n\n\n\n<li>21.10. Simetrica<\/li>\n\n\n\n<li>21.50. Chezz<\/li>\n\n\n\n<li>22.30. Mar\u00eda Isabel<\/li>\n\n\n\n<li>23.00. Fiesta Fluide<\/li>\n<\/ul>\n\n\n\n<h3 class=\"wp-block-heading\">Domingo 6 de julio<\/h3>\n\n\n\n<p><strong>Plaza de Espa\u00f1a<\/strong><\/p>\n\n\n\n<p>Gala de clausura \u201c20 a\u00f1os de amor\u201d<\/p>\n\n\n\n<ul>\n<li>20.00. Ballet<\/li>\n\n\n\n<li>20.05. Kuve<\/li>\n\n\n\n<li>20.15. Carla Frigo<\/li>\n\n\n\n<li>20.25. Mel \u00d6mana<\/li>\n\n\n\n<li>20.35. Jimena Amarillo<\/li>\n\n\n\n<li>20.50. Hugo Marlo<\/li>\n\n\n\n<li>21.05. Christine y The Queens<\/li>\n\n\n\n<li>21.10. Mar\u00eda Pelae<\/li>\n\n\n\n<li>23.30. Ana Torroja<\/li>\n\n\n\n<li>23.45. Marta S\u00e1nchez<\/li>\n<\/ul>\n\n\n\n<p><strong>Plaza de Las Reinas (plaza del Rey)<\/strong><\/p>\n\n\n\n<ul>\n<li>19.00. Trofeos Campeonato de F\u00fatbol<\/li>\n\n\n\n<li>20.00. Isla Lavanda<\/li>\n\n\n\n<li>20.40. Samantha Hudson y Luis Migu\u00e9lez<\/li>\n\n\n\n<li>21.10. Leticia Sabater<\/li>\n\n\n\n<li>21.40. Nuria Fergo<\/li>\n\n\n\n<li>22.30. Falete<\/li>\n<\/ul>\n\n\n\n<p>Si te gusta la agenda, la m\u00fasica y la fiesta, conoce Lista Isaac y su lista de clubes como <a href=\"https:\/\/barcelonatables.com\/es\/l\/sutton-barcelona-precio-mesas\">Sutton Barcelona<\/a>.<\/p>\n","protected":false},"excerpt":{"rendered":"<p>En algunas calles del centro de Madrid ya ondean\u00a0banderas con los colores del arco\u00edris. Ma\u00f1ana empieza en la capital el Orgullo m\u00e1s multitudinario de toda Europa. Desde ma\u00f1ana, las actividades, los conciertos, los desfiles, y la reivindicaci\u00f3n marcar\u00e1n el paso de una ciudad abarrotada de gente hasta el 6 de julio. El d\u00eda antes, el &hellip; <\/p>\n<p class=\"link-more\"><a href=\"https:\/\/coppeliaclub.com\/?p=365\" class=\"more-link\">Read more<span class=\"screen-reader-text\"> &#8220;Gu\u00eda del Orgullo LGTBIQ+ 2025 en Madrid&#8221;<\/span><\/a><\/p>\n","protected":false},"author":1,"featured_media":366,"comment_status":"open","ping_status":"open","sticky":false,"template":"","format":"standard","meta":{"footnotes":""},"categories":[1],"tags":[],"_links":{"self":[{"href":"https:\/\/coppeliaclub.com\/index.php?rest_route=\/wp\/v2\/posts\/365"}],"collection":[{"href":"https:\/\/coppeliaclub.com\/index.php?rest_route=\/wp\/v2\/posts"}],"about":[{"href":"https:\/\/coppeliaclub.com\/index.php?rest_route=\/wp\/v2\/types\/post"}],"author":[{"embeddable":true,"href":"https:\/\/coppeliaclub.com\/index.php?rest_route=\/wp\/v2\/users\/1"}],"replies":[{"embeddable":true,"href":"https:\/\/coppeliaclub.com\/index.php?rest_route=%2Fwp%2Fv2%2Fcomments&post=365"}],"version-history":[{"count":1,"href":"https:\/\/coppeliaclub.com\/index.php?rest_route=\/wp\/v2\/posts\/365\/revisions"}],"predecessor-version":[{"id":367,"href":"https:\/\/coppeliaclub.com\/index.php?rest_route=\/wp\/v2\/posts\/365\/revisions\/367"}],"wp:featuredmedia":[{"embeddable":true,"href":"https:\/\/coppeliaclub.com\/index.php?rest_route=\/wp\/v2\/media\/366"}],"wp:attachment":[{"href":"https:\/\/coppeliaclub.com\/index.php?rest_route=%2Fwp%2Fv2%2Fmedia&parent=365"}],"wp:term":[{"taxonomy":"category","embeddable":true,"href":"https:\/\/coppeliaclub.com\/index.php?rest_route=%2Fwp%2Fv2%2Fcategories&post=365"},{"taxonomy":"post_tag","embeddable":true,"href":"https:\/\/coppeliaclub.com\/index.php?rest_route=%2Fwp%2Fv2%2Ftags&post=365"}],"curies":[{"name":"wp","href":"https:\/\/api.w.org\/{rel}","templated":true}]}}