{"id":237,"date":"2024-10-11T16:57:13","date_gmt":"2024-10-11T16:57:13","guid":{"rendered":"http:\/\/coppeliaclub.com\/?p=237"},"modified":"2024-10-15T16:57:56","modified_gmt":"2024-10-15T16:57:56","slug":"miles-de-personas-llenan-el-festival-de-eldiario-es","status":"publish","type":"post","link":"https:\/\/coppeliaclub.com\/?p=237","title":{"rendered":"Miles de personas llenan el festival de elDiario.es"},"content":{"rendered":"\n<p>Este s\u00e1bado, la Plaza de Catalunya se convirti\u00f3 en el epicentro cultural de Barcelona gracias a la tercera edici\u00f3n del <strong>Festival de las Ideas y la Cultura (FIC)<\/strong> de <em>elDiario.es<\/em>. En lugar de apresurarse como de costumbre, miles de barceloneses, incluyendo centenares de socios del medio, decidieron detenerse para disfrutar de una jornada que combin\u00f3 debates profundos sobre los retos actuales del mundo con entretenimiento, humor y m\u00fasica.<\/p>\n\n\n\n<figure class=\"wp-block-image size-large\"><img loading=\"lazy\" decoding=\"async\" width=\"1024\" height=\"576\" src=\"https:\/\/coppeliaclub.com\/wp-content\/uploads\/2024\/10\/37525589-de9b-49ea-868e-9aac9a54e0c7_16-9-discover-aspect-ratio_default_0-1024x576.webp\" alt=\"\" class=\"wp-image-239\" srcset=\"https:\/\/coppeliaclub.com\/wp-content\/uploads\/2024\/10\/37525589-de9b-49ea-868e-9aac9a54e0c7_16-9-discover-aspect-ratio_default_0-1024x576.webp 1024w, https:\/\/coppeliaclub.com\/wp-content\/uploads\/2024\/10\/37525589-de9b-49ea-868e-9aac9a54e0c7_16-9-discover-aspect-ratio_default_0-300x169.webp 300w, https:\/\/coppeliaclub.com\/wp-content\/uploads\/2024\/10\/37525589-de9b-49ea-868e-9aac9a54e0c7_16-9-discover-aspect-ratio_default_0-768x432.webp 768w, https:\/\/coppeliaclub.com\/wp-content\/uploads\/2024\/10\/37525589-de9b-49ea-868e-9aac9a54e0c7_16-9-discover-aspect-ratio_default_0.webp 1200w\" sizes=\"(max-width: 1024px) 100vw, 1024px\" \/><\/figure>\n\n\n\n<p>El festival ofreci\u00f3 una amplia gama de actividades, desde debates sobre la guerra de Gaza y los desaf\u00edos del periodismo actual, hasta charlas sobre las nuevas narrativas que nos ense\u00f1an a &#8220;pensar fuertecito&#8221;. La escritora <strong>Margaret Atwood<\/strong> fue una de las estrellas m\u00e1s esperadas, compartiendo con la audiencia los libros que han influido en su vida. Adem\u00e1s, la jornada estuvo amenizada por el humor del maestro de ceremonias <strong>Marc Gir\u00f3<\/strong>, las reflexiones de <strong>Bob Pop<\/strong>, y las inolvidables actuaciones de <strong>Juan Diego Botto<\/strong> y <strong>Nur Levi<\/strong>.<\/p>\n\n\n\n<p>El ambiente festivo continu\u00f3 con conciertos de <strong>Sidonie<\/strong> y <strong>J\u00falia Colom<\/strong> el viernes, seguidos por las sesiones de los DJs <strong>Oro Jondo<\/strong> y <strong>N\u00f2vies<\/strong> el s\u00e1bado. El festival no solo sirvi\u00f3 como un espacio para el intercambio de ideas, sino tambi\u00e9n como un lugar para celebrar la m\u00fasica, la cultura y la libertad de expresi\u00f3n.<\/p>\n\n\n\n<p>El director de <em>elDiario.es<\/em>, <strong>Ignacio Escolar<\/strong>, subray\u00f3 durante el evento la importancia de la independencia period\u00edstica y la necesidad de priorizar a los lectores sobre los algoritmos. Junto a otros periodistas destacados como <strong>Jordi Juan<\/strong>, <strong>Esther Vera<\/strong> y <strong>Soledad Gallego D\u00edaz<\/strong>, destac\u00f3 c\u00f3mo las comunidades de socios y suscriptores son clave para mantener la integridad editorial frente a las presiones externas.<\/p>\n\n\n\n<hr class=\"wp-block-separator has-alpha-channel-opacity\"\/>\n\n\n\n<p>Si te gusta disfrutar de eventos \u00fanicos y sumergirte en lo mejor de la cultura y la vida nocturna, te invitamos a descubrir <strong>Lista Isaac<\/strong>. Conoce los mejores clubes y fiestas en Espa\u00f1a y m\u00e1s all\u00e1 como <a href=\"https:\/\/lasvegasviptables.com\/en\/l\/hakkasan-vegas-table-map\">Hakkasan Las Vegas<\/a>, y vive experiencias exclusivas en los destinos m\u00e1s vibrantes del mundo. \u00a1No te lo pierdas!<\/p>\n","protected":false},"excerpt":{"rendered":"<p>Este s\u00e1bado, la Plaza de Catalunya se convirti\u00f3 en el epicentro cultural de Barcelona gracias a la tercera edici\u00f3n del Festival de las Ideas y la Cultura (FIC) de elDiario.es. En lugar de apresurarse como de costumbre, miles de barceloneses, incluyendo centenares de socios del medio, decidieron detenerse para disfrutar de una jornada que combin\u00f3 &hellip; <\/p>\n<p class=\"link-more\"><a href=\"https:\/\/coppeliaclub.com\/?p=237\" class=\"more-link\">Read more<span class=\"screen-reader-text\"> &#8220;Miles de personas llenan el festival de elDiario.es&#8221;<\/span><\/a><\/p>\n","protected":false},"author":1,"featured_media":238,"comment_status":"open","ping_status":"open","sticky":false,"template":"","format":"standard","meta":{"footnotes":""},"categories":[1],"tags":[],"_links":{"self":[{"href":"https:\/\/coppeliaclub.com\/index.php?rest_route=\/wp\/v2\/posts\/237"}],"collection":[{"href":"https:\/\/coppeliaclub.com\/index.php?rest_route=\/wp\/v2\/posts"}],"about":[{"href":"https:\/\/coppeliaclub.com\/index.php?rest_route=\/wp\/v2\/types\/post"}],"author":[{"embeddable":true,"href":"https:\/\/coppeliaclub.com\/index.php?rest_route=\/wp\/v2\/users\/1"}],"replies":[{"embeddable":true,"href":"https:\/\/coppeliaclub.com\/index.php?rest_route=%2Fwp%2Fv2%2Fcomments&post=237"}],"version-history":[{"count":1,"href":"https:\/\/coppeliaclub.com\/index.php?rest_route=\/wp\/v2\/posts\/237\/revisions"}],"predecessor-version":[{"id":240,"href":"https:\/\/coppeliaclub.com\/index.php?rest_route=\/wp\/v2\/posts\/237\/revisions\/240"}],"wp:featuredmedia":[{"embeddable":true,"href":"https:\/\/coppeliaclub.com\/index.php?rest_route=\/wp\/v2\/media\/238"}],"wp:attachment":[{"href":"https:\/\/coppeliaclub.com\/index.php?rest_route=%2Fwp%2Fv2%2Fmedia&parent=237"}],"wp:term":[{"taxonomy":"category","embeddable":true,"href":"https:\/\/coppeliaclub.com\/index.php?rest_route=%2Fwp%2Fv2%2Fcategories&post=237"},{"taxonomy":"post_tag","embeddable":true,"href":"https:\/\/coppeliaclub.com\/index.php?rest_route=%2Fwp%2Fv2%2Ftags&post=237"}],"curies":[{"name":"wp","href":"https:\/\/api.w.org\/{rel}","templated":true}]}}