{"id":210,"date":"2024-08-16T22:16:14","date_gmt":"2024-08-16T22:16:14","guid":{"rendered":"http:\/\/coppeliaclub.com\/?p=210"},"modified":"2024-08-07T22:16:53","modified_gmt":"2024-08-07T22:16:53","slug":"sabes-por-que-se-celebran-las-fiestas-de-gracia","status":"publish","type":"post","link":"https:\/\/coppeliaclub.com\/?p=210","title":{"rendered":"\u00bfSabes por qu\u00e9 se celebran las Fiestas de Gr\u00e0cia?"},"content":{"rendered":"\n<p>Gegantons, diadas castelleras, correfocs, bastoners, trabucaires\u2026 \u00bfTe suena? Estas son las Fiestas de Gr\u00e0cia, uno de los eventos m\u00e1s queridos del calendario festivo de Barcelona. Con m\u00e1s de dos siglos de historia, la Festa Major de Gr\u00e0cia ha vivido numerosas vicisitudes, evolucionando en paralelo al barrio de Gr\u00e0cia, que pas\u00f3 de ser una vila independiente a un barrio emblem\u00e1tico de la ciudad.<\/p>\n\n\n\n<figure class=\"wp-block-image size-large\"><img loading=\"lazy\" decoding=\"async\" width=\"1024\" height=\"681\" src=\"https:\/\/coppeliaclub.com\/wp-content\/uploads\/2024\/08\/fiestas-gracia-6-1024x681.webp\" alt=\"\" class=\"wp-image-211\" srcset=\"https:\/\/coppeliaclub.com\/wp-content\/uploads\/2024\/08\/fiestas-gracia-6-1024x681.webp 1024w, https:\/\/coppeliaclub.com\/wp-content\/uploads\/2024\/08\/fiestas-gracia-6-300x200.webp 300w, https:\/\/coppeliaclub.com\/wp-content\/uploads\/2024\/08\/fiestas-gracia-6-768x511.webp 768w, https:\/\/coppeliaclub.com\/wp-content\/uploads\/2024\/08\/fiestas-gracia-6.webp 1200w\" sizes=\"(max-width: 1024px) 100vw, 1024px\" \/><\/figure>\n\n\n\n<h4 class=\"wp-block-heading\">Un Poco de Historia<\/h4>\n\n\n\n<p>Las Fiestas de Gr\u00e0cia tienen sus ra\u00edces en un peque\u00f1o grupo de mas\u00edas agr\u00edcolas que formaban el n\u00facleo de Gr\u00e0cia en sus inicios. En el siglo XIX, Gr\u00e0cia se transform\u00f3 en un importante centro industrial, y fue en esta \u00e9poca cuando se document\u00f3 por primera vez la celebraci\u00f3n de la fiesta en 1817. Desde entonces, las fiestas han crecido en popularidad y tama\u00f1o, con el barrio engalanando sus calles y plazas cada 15 de agosto.<\/p>\n\n\n\n<h4 class=\"wp-block-heading\">La Evoluci\u00f3n de las Fiestas<\/h4>\n\n\n\n<p>En las primeras d\u00e9cadas del siglo XX, cada zona de Gr\u00e0cia celebraba la fiesta de manera independiente. Sin embargo, la creaci\u00f3n de la Federaci\u00f3n de Comisiones y Asociaciones de la Fiesta Mayor de Gr\u00e0cia en los a\u00f1os 50 unific\u00f3 las celebraciones, dando lugar a una organizaci\u00f3n m\u00e1s estructurada que contin\u00faa hasta hoy. La Festa Major de Gr\u00e0cia fue reconocida en 1997 como Festa Tradicional d\u2019Inter\u00e8s Nacional y en 2012 recibi\u00f3 la Cruz de Sant Jordi.<\/p>\n\n\n\n<h4 class=\"wp-block-heading\">Las Fiestas de Gr\u00e0cia 2023<\/h4>\n\n\n\n<p>Este a\u00f1o, las Fiestas de Gr\u00e0cia se celebran del 15 al 21 de agosto, adapt\u00e1ndose a los tiempos modernos con propuestas novedosas y sostenibles. La Fundaci\u00f3 Festa Major de Gr\u00e0cia ha implementado medidas ecol\u00f3gicas como vasos reutilizables y camisetas org\u00e1nicas, adem\u00e1s de un plan econ\u00f3mico para actividades inclusivas y antirracistas.<\/p>\n\n\n\n<p>No te pierdas la decoraci\u00f3n de las calles, los espect\u00e1culos tradicionales, y el preg\u00f3n inaugural a cargo de los futbolistas Andrea Porta y \u00c0lex Cano. Las Fiestas de Gr\u00e0cia siguen siendo un reflejo vibrante de la multiculturalidad y el esp\u00edritu comunitario de Barcelona.<\/p>\n\n\n\n<p>Para conocer m\u00e1s sobre la vida nocturna de Barcelona y descubrir los mejores eventos y locales, visita la p\u00e1gina de <strong>Lista Isaac<\/strong>. \u00a1Explora todo lo que la ciudad tiene para ofrecer y organiza tu pr\u00f3xima gran celebraci\u00f3n en los lugares m\u00e1s selectos de Barcelona en <a href=\"https:\/\/barcelonatables.com\/en\/l\/otto-zutz-barcelona-table-map\">Otto Zutz Barcelona<\/a> y otros clubes!<\/p>\n","protected":false},"excerpt":{"rendered":"<p>Gegantons, diadas castelleras, correfocs, bastoners, trabucaires\u2026 \u00bfTe suena? Estas son las Fiestas de Gr\u00e0cia, uno de los eventos m\u00e1s queridos del calendario festivo de Barcelona. Con m\u00e1s de dos siglos de historia, la Festa Major de Gr\u00e0cia ha vivido numerosas vicisitudes, evolucionando en paralelo al barrio de Gr\u00e0cia, que pas\u00f3 de ser una vila independiente &hellip; <\/p>\n<p class=\"link-more\"><a href=\"https:\/\/coppeliaclub.com\/?p=210\" class=\"more-link\">Read more<span class=\"screen-reader-text\"> &#8220;\u00bfSabes por qu\u00e9 se celebran las Fiestas de Gr\u00e0cia?&#8221;<\/span><\/a><\/p>\n","protected":false},"author":1,"featured_media":212,"comment_status":"open","ping_status":"open","sticky":false,"template":"","format":"standard","meta":{"footnotes":""},"categories":[1],"tags":[],"_links":{"self":[{"href":"https:\/\/coppeliaclub.com\/index.php?rest_route=\/wp\/v2\/posts\/210"}],"collection":[{"href":"https:\/\/coppeliaclub.com\/index.php?rest_route=\/wp\/v2\/posts"}],"about":[{"href":"https:\/\/coppeliaclub.com\/index.php?rest_route=\/wp\/v2\/types\/post"}],"author":[{"embeddable":true,"href":"https:\/\/coppeliaclub.com\/index.php?rest_route=\/wp\/v2\/users\/1"}],"replies":[{"embeddable":true,"href":"https:\/\/coppeliaclub.com\/index.php?rest_route=%2Fwp%2Fv2%2Fcomments&post=210"}],"version-history":[{"count":1,"href":"https:\/\/coppeliaclub.com\/index.php?rest_route=\/wp\/v2\/posts\/210\/revisions"}],"predecessor-version":[{"id":213,"href":"https:\/\/coppeliaclub.com\/index.php?rest_route=\/wp\/v2\/posts\/210\/revisions\/213"}],"wp:featuredmedia":[{"embeddable":true,"href":"https:\/\/coppeliaclub.com\/index.php?rest_route=\/wp\/v2\/media\/212"}],"wp:attachment":[{"href":"https:\/\/coppeliaclub.com\/index.php?rest_route=%2Fwp%2Fv2%2Fmedia&parent=210"}],"wp:term":[{"taxonomy":"category","embeddable":true,"href":"https:\/\/coppeliaclub.com\/index.php?rest_route=%2Fwp%2Fv2%2Fcategories&post=210"},{"taxonomy":"post_tag","embeddable":true,"href":"https:\/\/coppeliaclub.com\/index.php?rest_route=%2Fwp%2Fv2%2Ftags&post=210"}],"curies":[{"name":"wp","href":"https:\/\/api.w.org\/{rel}","templated":true}]}}